{"id":24096,"date":"2025-04-01T18:48:43","date_gmt":"2025-04-02T01:48:43","guid":{"rendered":"https:\/\/greaternw.org\/news\/?p=24096"},"modified":"2025-04-01T18:48:45","modified_gmt":"2025-04-02T01:48:45","slug":"when-does-our-silence-become-complicity","status":"publish","type":"post","link":"https:\/\/greaternw.org\/news\/when-does-our-silence-become-complicity\/","title":{"rendered":"When does our silence become complicity?"},"content":{"rendered":"\n<p class=\"dropcapp3\">A few decades ago, I had the opportunity to travel to Germany and visit several sites related to the Holocaust. As part of a large group and responsible for a dozen young people, these experiences were moving but not as impactful as I had imagined they would be.<\/p>\n\n\n\n<p>In contrast, while I was in seminary\u2014also a long time ago, I stumbled across the Holocaust Memorial in downtown Boston. The memorial features six tall glass towers etched with numbers representing the six million Jewish victims. Visitors walk over grates with steam rising from below, where small lights twinkle from an unseeable floor. Visually austere, the memorial caught me by surprise, bringing tears to my eyes. It was also the first time I encountered German theologian and pastor <a target=\"_blank\" href=\"https:\/\/en.m.wikipedia.org\/wiki\/Martin_Niem%C3%B6ller\" rel=\"noreferrer noopener\">Martin Niem\u00f6ller\u2019s<\/a> poem about the complicity of people very much like him during the rise of the Third Reich.<\/p>\n\n\n\n<p><em>First they came for the socialists, and I did not speak out\u2014<\/em><br><em>   Because I was not a socialist.<\/em><\/p>\n\n\n\n<p><em>Then they came for the trade unionists, and I did not speak out\u2014<\/em><br><em>   Because I was not a trade unionist.<\/em><\/p>\n\n\n\n<p><em>Then they came for the Jews, and I did not speak out\u2014<\/em><br><em>Because I was not a Jew.<\/em><\/p>\n\n\n\n<p><em>Then they came for me\u2014and there was no one left to speak for me.<\/em><\/p>\n\n\n\n<p>While I often find direct comparisons to historical moments unhelpful, especially in the charged political environment that we live in, Niem\u00f6ller\u2019s words were some of the first that came to mind when I read about the abduction of Tufts University doctoral student R\u00fcmeysa \u00d6zt\u00fcrk\u2014detained by masked Homeland Security agents without explanation, with <a target=\"_blank\" href=\"https:\/\/apnews.com\/video\/turkish-student-at-tufts-university-detained-video-shows-masked-people-handcuffing-her-109ae65a4e734b12b357897376ea443b\" rel=\"noreferrer noopener\">security footage from a nearby building<\/a> capturing the disturbing incident.<\/p>\n\n\n\n<p>\u00d6zt\u00fcrk was legally here in the United States on a student visa, which was revoked with no prior notice by the State Department. As I write this post, the only explanation from the government for \u00d6zt\u00fcrk\u2019s unusual arrest is an allegation of her support of Hamas. <a target=\"_blank\" href=\"https:\/\/www.nbcboston.com\/news\/local\/rumeysa-ozturk-tufts-rally-ice\/3673141\/\" rel=\"noreferrer noopener\">While there has yet to be evidence offered<\/a> of her support of Hamas, she did co-author an op-ed in a student newspaper respectfully critical of her university\u2019s reluctance to take a stand against the war in Gaza and the thousands of Palestinian lives lost. Her friends describe her as someone focused on her research and not engaged in the protests that occurred on campus.<\/p>\n\n\n\n<p>Unless and until the government provides a better explanation for her detention and the revocation of her visa, the situation presents as one of several seemingly designed to intimidate those exercising free speech, something which used to have near-universal support in the United States. At the minimum, it should raise concerns around whether the rights to due process enshrined in our country\u2019s constitution and guaranteed for all people are being followed.<\/p>\n\n\n\n<p>I\u2019m white, straight, male, and my ancestors first came to America on the Mayflower. Yet, I am distressed enough by stories like that of Rumeysa \u00d6zt\u00fcrk\u2019s detainment that I paused as I was writing to consider the risk of speaking out. I can only imagine the caution and fear others feel who don\u2019t have all of the privilege I often take for granted.<\/p>\n\n\n\n<p>Still, this is the very point of Niem\u00f6ller\u2019s poem. Authoritarian governments don\u2019t typically start by taking away the rights of those with tons of privilege. They begin by eroding our collective rights by dividing people and targeting vulnerable groups. Recently I learned that Niem\u00f6ller was not only silent but <a target=\"_blank\" href=\"https:\/\/encyclopedia.ushmm.org\/content\/en\/article\/martin-niemoeller-biography\" rel=\"noreferrer noopener\">actually supportive of many of the Nazis\u2019 early actions<\/a>. That caused me to consider his words again in a different way.<\/p>\n\n\n\n<p>As I said earlier, direct historical comparisons can often be unhelpful. We are not living in Nazi Germany today, but that doesn\u2019t mean that we shouldn\u2019t be disturbed or that our silence might not become complicity. Demanding accountability and appropriate transparency from those with power and authority is not and should never be a partisan issue. Americans are entitled to different beliefs and positions on the social and political concerns of the day. Still, we should all defend our rights to argue and advocate for those beliefs and positions.&nbsp;<\/p>\n\n\n\n<p>As a matter of faith, I have specific values and concerns that I don\u2019t expect everyone to agree with. As grounded as I understand my beliefs to be in the teachings of Jesus, I know and respect that other Christians may hold differing beliefs.&nbsp;<\/p>\n\n\n\n<p>That said, I think we all can learn something helpful from Niem\u00f6ller\u2019s story. Sometimes, it\u2019s important to put aside our differences and focus on our shared humanity. If we can\u2019t respect each other\u2019s dignity, even as we advocate for our beliefs and understandings, then we may be missing the point.<\/p>\n\n\n\n<p>Put another way, if we only support free speech when we agree with it, and due process when it benefits us, we actually don\u2019t support either.<\/p>\n\n\n\n<p>May God help allow us to be disturbed when appropriate, embolden us when we need to speak and give us ears when it is better for us to listen.<\/p>\n","protected":false},"excerpt":{"rendered":"<p>Drawing on personal experience, scripture, and the powerful words of Martin Niem\u00f6ller, Patrick Scriven reflects on the troubling case of Rumeysa \u00d6zt\u00fcrk, a Tufts University student detained under unclear circumstances, and the deeper questions it raises about due process, free speech, and Christian witness in a divided time.<\/p>\n","protected":false},"author":1,"featured_media":24100,"comment_status":"open","ping_status":"open","sticky":false,"template":"","format":"standard","meta":{"jetpack_post_was_ever_published":false,"_jetpack_newsletter_access":"","_jetpack_dont_email_post_to_subs":false,"_jetpack_newsletter_tier_id":0,"_jetpack_memberships_contains_paywalled_content":false,"_jetpack_memberships_contains_paid_content":false,"footnotes":""},"categories":[74,16],"tags":[],"class_list":{"0":"post-24096","1":"post","2":"type-post","3":"status-publish","4":"format-standard","5":"has-post-thumbnail","7":"category-opinioneditorial","8":"category-pacific-northwest-conference"},"yoast_head":"<!-- This site is optimized with the Yoast SEO plugin v27.4 - https:\/\/yoast.com\/product\/yoast-seo-wordpress\/ -->\n<title>When does our silence become complicity? - Greater Northwest Area | News<\/title>\n<meta name=\"robots\" content=\"index, follow, max-snippet:-1, max-image-preview:large, max-video-preview:-1\" \/>\n<link rel=\"canonical\" href=\"https:\/\/greaternw.org\/news\/when-does-our-silence-become-complicity\/\" \/>\n<meta property=\"og:locale\" content=\"en_US\" \/>\n<meta property=\"og:type\" content=\"article\" \/>\n<meta property=\"og:title\" content=\"When does our silence become complicity? - Greater Northwest Area | News\" \/>\n<meta property=\"og:description\" content=\"Drawing on personal experience, scripture, and the powerful words of Martin Niem\u00f6ller, Patrick Scriven reflects on the troubling case of Rumeysa \u00d6zt\u00fcrk, a Tufts University student detained under unclear circumstances, and the deeper questions it raises about due process, free speech, and Christian witness in a divided time.\" \/>\n<meta property=\"og:url\" content=\"https:\/\/greaternw.org\/news\/when-does-our-silence-become-complicity\/\" \/>\n<meta property=\"og:site_name\" content=\"Greater Northwest Area | News\" \/>\n<meta property=\"article:publisher\" content=\"https:\/\/facebook.com\/greaternw\" \/>\n<meta property=\"article:published_time\" content=\"2025-04-02T01:48:43+00:00\" \/>\n<meta property=\"article:modified_time\" content=\"2025-04-02T01:48:45+00:00\" \/>\n<meta property=\"og:image\" content=\"https:\/\/i0.wp.com\/greaternw.org\/news\/wp-content\/uploads\/2025\/04\/Boston-Holocaust-Image.jpg?fit=1400%2C934&ssl=1\" \/>\n\t<meta property=\"og:image:width\" content=\"1400\" \/>\n\t<meta property=\"og:image:height\" content=\"934\" \/>\n\t<meta property=\"og:image:type\" content=\"image\/jpeg\" \/>\n<meta name=\"author\" content=\"Patrick Scriven\" \/>\n<meta name=\"twitter:card\" content=\"summary_large_image\" \/>\n<meta name=\"twitter:label1\" content=\"Written by\" \/>\n\t<meta name=\"twitter:data1\" content=\"Patrick Scriven\" \/>\n\t<meta name=\"twitter:label2\" content=\"Est. reading time\" \/>\n\t<meta name=\"twitter:data2\" content=\"4 minutes\" \/>\n<script type=\"application\/ld+json\" class=\"yoast-schema-graph\">{\"@context\":\"https:\\\/\\\/schema.org\",\"@graph\":[{\"@type\":\"Article\",\"@id\":\"https:\\\/\\\/greaternw.org\\\/news\\\/when-does-our-silence-become-complicity\\\/#article\",\"isPartOf\":{\"@id\":\"https:\\\/\\\/greaternw.org\\\/news\\\/when-does-our-silence-become-complicity\\\/\"},\"author\":{\"name\":\"Patrick Scriven\",\"@id\":\"https:\\\/\\\/greaternw.org\\\/news\\\/#\\\/schema\\\/person\\\/9599498d86684a4abec2ed2cf6eafe66\"},\"headline\":\"When does our silence become complicity?\",\"datePublished\":\"2025-04-02T01:48:43+00:00\",\"dateModified\":\"2025-04-02T01:48:45+00:00\",\"mainEntityOfPage\":{\"@id\":\"https:\\\/\\\/greaternw.org\\\/news\\\/when-does-our-silence-become-complicity\\\/\"},\"wordCount\":868,\"commentCount\":5,\"publisher\":{\"@id\":\"https:\\\/\\\/greaternw.org\\\/news\\\/#organization\"},\"image\":{\"@id\":\"https:\\\/\\\/greaternw.org\\\/news\\\/when-does-our-silence-become-complicity\\\/#primaryimage\"},\"thumbnailUrl\":\"https:\\\/\\\/i0.wp.com\\\/greaternw.org\\\/news\\\/wp-content\\\/uploads\\\/2025\\\/04\\\/Boston-Holocaust-Image.jpg?fit=1400%2C934&ssl=1\",\"articleSection\":[\"Opinion\\\/Editorial\",\"Pacific Northwest Conference\"],\"inLanguage\":\"en-US\",\"potentialAction\":[{\"@type\":\"CommentAction\",\"name\":\"Comment\",\"target\":[\"https:\\\/\\\/greaternw.org\\\/news\\\/when-does-our-silence-become-complicity\\\/#respond\"]}]},{\"@type\":\"WebPage\",\"@id\":\"https:\\\/\\\/greaternw.org\\\/news\\\/when-does-our-silence-become-complicity\\\/\",\"url\":\"https:\\\/\\\/greaternw.org\\\/news\\\/when-does-our-silence-become-complicity\\\/\",\"name\":\"When does our silence become complicity? - Greater Northwest Area | News\",\"isPartOf\":{\"@id\":\"https:\\\/\\\/greaternw.org\\\/news\\\/#website\"},\"primaryImageOfPage\":{\"@id\":\"https:\\\/\\\/greaternw.org\\\/news\\\/when-does-our-silence-become-complicity\\\/#primaryimage\"},\"image\":{\"@id\":\"https:\\\/\\\/greaternw.org\\\/news\\\/when-does-our-silence-become-complicity\\\/#primaryimage\"},\"thumbnailUrl\":\"https:\\\/\\\/i0.wp.com\\\/greaternw.org\\\/news\\\/wp-content\\\/uploads\\\/2025\\\/04\\\/Boston-Holocaust-Image.jpg?fit=1400%2C934&ssl=1\",\"datePublished\":\"2025-04-02T01:48:43+00:00\",\"dateModified\":\"2025-04-02T01:48:45+00:00\",\"breadcrumb\":{\"@id\":\"https:\\\/\\\/greaternw.org\\\/news\\\/when-does-our-silence-become-complicity\\\/#breadcrumb\"},\"inLanguage\":\"en-US\",\"potentialAction\":[{\"@type\":\"ReadAction\",\"target\":[\"https:\\\/\\\/greaternw.org\\\/news\\\/when-does-our-silence-become-complicity\\\/\"]}]},{\"@type\":\"ImageObject\",\"inLanguage\":\"en-US\",\"@id\":\"https:\\\/\\\/greaternw.org\\\/news\\\/when-does-our-silence-become-complicity\\\/#primaryimage\",\"url\":\"https:\\\/\\\/i0.wp.com\\\/greaternw.org\\\/news\\\/wp-content\\\/uploads\\\/2025\\\/04\\\/Boston-Holocaust-Image.jpg?fit=1400%2C934&ssl=1\",\"contentUrl\":\"https:\\\/\\\/i0.wp.com\\\/greaternw.org\\\/news\\\/wp-content\\\/uploads\\\/2025\\\/04\\\/Boston-Holocaust-Image.jpg?fit=1400%2C934&ssl=1\",\"width\":1400,\"height\":934,\"caption\":\"eskystudio - stock.adobe.com\"},{\"@type\":\"BreadcrumbList\",\"@id\":\"https:\\\/\\\/greaternw.org\\\/news\\\/when-does-our-silence-become-complicity\\\/#breadcrumb\",\"itemListElement\":[{\"@type\":\"ListItem\",\"position\":1,\"name\":\"Home\",\"item\":\"https:\\\/\\\/greaternw.org\\\/news\\\/\"},{\"@type\":\"ListItem\",\"position\":2,\"name\":\"When does our silence become complicity?\"}]},{\"@type\":\"WebSite\",\"@id\":\"https:\\\/\\\/greaternw.org\\\/news\\\/#website\",\"url\":\"https:\\\/\\\/greaternw.org\\\/news\\\/\",\"name\":\"Greater Northwest Area | News\",\"description\":\"Stories of Mission and Ministry\",\"publisher\":{\"@id\":\"https:\\\/\\\/greaternw.org\\\/news\\\/#organization\"},\"potentialAction\":[{\"@type\":\"SearchAction\",\"target\":{\"@type\":\"EntryPoint\",\"urlTemplate\":\"https:\\\/\\\/greaternw.org\\\/news\\\/?s={search_term_string}\"},\"query-input\":{\"@type\":\"PropertyValueSpecification\",\"valueRequired\":true,\"valueName\":\"search_term_string\"}}],\"inLanguage\":\"en-US\"},{\"@type\":\"Organization\",\"@id\":\"https:\\\/\\\/greaternw.org\\\/news\\\/#organization\",\"name\":\"Greater Northwest Area of The United Methodist Church\",\"alternateName\":\"GNWUMC\",\"url\":\"https:\\\/\\\/greaternw.org\\\/news\\\/\",\"logo\":{\"@type\":\"ImageObject\",\"inLanguage\":\"en-US\",\"@id\":\"https:\\\/\\\/greaternw.org\\\/news\\\/#\\\/schema\\\/logo\\\/image\\\/\",\"url\":\"https:\\\/\\\/i0.wp.com\\\/greaternw.org\\\/news\\\/wp-content\\\/uploads\\\/2019\\\/12\\\/cropped-GNW-NEWS.gif?fit=512%2C512&ssl=1\",\"contentUrl\":\"https:\\\/\\\/i0.wp.com\\\/greaternw.org\\\/news\\\/wp-content\\\/uploads\\\/2019\\\/12\\\/cropped-GNW-NEWS.gif?fit=512%2C512&ssl=1\",\"width\":512,\"height\":512,\"caption\":\"Greater Northwest Area of The United Methodist Church\"},\"image\":{\"@id\":\"https:\\\/\\\/greaternw.org\\\/news\\\/#\\\/schema\\\/logo\\\/image\\\/\"},\"sameAs\":[\"https:\\\/\\\/facebook.com\\\/greaternw\"]},{\"@type\":\"Person\",\"@id\":\"https:\\\/\\\/greaternw.org\\\/news\\\/#\\\/schema\\\/person\\\/9599498d86684a4abec2ed2cf6eafe66\",\"name\":\"Patrick Scriven\",\"image\":{\"@type\":\"ImageObject\",\"inLanguage\":\"en-US\",\"@id\":\"https:\\\/\\\/secure.gravatar.com\\\/avatar\\\/52b521f53b0534d5dc0091708188452c6af777c0b5cbead62ea0fd6b9f30fd69?s=96&d=mm&r=g\",\"url\":\"https:\\\/\\\/secure.gravatar.com\\\/avatar\\\/52b521f53b0534d5dc0091708188452c6af777c0b5cbead62ea0fd6b9f30fd69?s=96&d=mm&r=g\",\"contentUrl\":\"https:\\\/\\\/secure.gravatar.com\\\/avatar\\\/52b521f53b0534d5dc0091708188452c6af777c0b5cbead62ea0fd6b9f30fd69?s=96&d=mm&r=g\",\"caption\":\"Patrick Scriven\"},\"description\":\"Patrick Scriven is a husband who married well, a father of three amazing girls, and a seminary-educated layperson working professionally in The United Methodist Church. Scriven serves the Pacific Northwest Conference as Director of Communications.\",\"url\":\"https:\\\/\\\/greaternw.org\\\/news\\\/author\\\/patrick\\\/\"}]}<\/script>\n<!-- \/ Yoast SEO plugin. -->","yoast_head_json":{"title":"When does our silence become complicity? - Greater Northwest Area | News","robots":{"index":"index","follow":"follow","max-snippet":"max-snippet:-1","max-image-preview":"max-image-preview:large","max-video-preview":"max-video-preview:-1"},"canonical":"https:\/\/greaternw.org\/news\/when-does-our-silence-become-complicity\/","og_locale":"en_US","og_type":"article","og_title":"When does our silence become complicity? - Greater Northwest Area | News","og_description":"Drawing on personal experience, scripture, and the powerful words of Martin Niem\u00f6ller, Patrick Scriven reflects on the troubling case of Rumeysa \u00d6zt\u00fcrk, a Tufts University student detained under unclear circumstances, and the deeper questions it raises about due process, free speech, and Christian witness in a divided time.","og_url":"https:\/\/greaternw.org\/news\/when-does-our-silence-become-complicity\/","og_site_name":"Greater Northwest Area | News","article_publisher":"https:\/\/facebook.com\/greaternw","article_published_time":"2025-04-02T01:48:43+00:00","article_modified_time":"2025-04-02T01:48:45+00:00","og_image":[{"width":1400,"height":934,"url":"https:\/\/i0.wp.com\/greaternw.org\/news\/wp-content\/uploads\/2025\/04\/Boston-Holocaust-Image.jpg?fit=1400%2C934&ssl=1","type":"image\/jpeg"}],"author":"Patrick Scriven","twitter_card":"summary_large_image","twitter_misc":{"Written by":"Patrick Scriven","Est. reading time":"4 minutes"},"schema":{"@context":"https:\/\/schema.org","@graph":[{"@type":"Article","@id":"https:\/\/greaternw.org\/news\/when-does-our-silence-become-complicity\/#article","isPartOf":{"@id":"https:\/\/greaternw.org\/news\/when-does-our-silence-become-complicity\/"},"author":{"name":"Patrick Scriven","@id":"https:\/\/greaternw.org\/news\/#\/schema\/person\/9599498d86684a4abec2ed2cf6eafe66"},"headline":"When does our silence become complicity?","datePublished":"2025-04-02T01:48:43+00:00","dateModified":"2025-04-02T01:48:45+00:00","mainEntityOfPage":{"@id":"https:\/\/greaternw.org\/news\/when-does-our-silence-become-complicity\/"},"wordCount":868,"commentCount":5,"publisher":{"@id":"https:\/\/greaternw.org\/news\/#organization"},"image":{"@id":"https:\/\/greaternw.org\/news\/when-does-our-silence-become-complicity\/#primaryimage"},"thumbnailUrl":"https:\/\/i0.wp.com\/greaternw.org\/news\/wp-content\/uploads\/2025\/04\/Boston-Holocaust-Image.jpg?fit=1400%2C934&ssl=1","articleSection":["Opinion\/Editorial","Pacific Northwest Conference"],"inLanguage":"en-US","potentialAction":[{"@type":"CommentAction","name":"Comment","target":["https:\/\/greaternw.org\/news\/when-does-our-silence-become-complicity\/#respond"]}]},{"@type":"WebPage","@id":"https:\/\/greaternw.org\/news\/when-does-our-silence-become-complicity\/","url":"https:\/\/greaternw.org\/news\/when-does-our-silence-become-complicity\/","name":"When does our silence become complicity? - Greater Northwest Area | News","isPartOf":{"@id":"https:\/\/greaternw.org\/news\/#website"},"primaryImageOfPage":{"@id":"https:\/\/greaternw.org\/news\/when-does-our-silence-become-complicity\/#primaryimage"},"image":{"@id":"https:\/\/greaternw.org\/news\/when-does-our-silence-become-complicity\/#primaryimage"},"thumbnailUrl":"https:\/\/i0.wp.com\/greaternw.org\/news\/wp-content\/uploads\/2025\/04\/Boston-Holocaust-Image.jpg?fit=1400%2C934&ssl=1","datePublished":"2025-04-02T01:48:43+00:00","dateModified":"2025-04-02T01:48:45+00:00","breadcrumb":{"@id":"https:\/\/greaternw.org\/news\/when-does-our-silence-become-complicity\/#breadcrumb"},"inLanguage":"en-US","potentialAction":[{"@type":"ReadAction","target":["https:\/\/greaternw.org\/news\/when-does-our-silence-become-complicity\/"]}]},{"@type":"ImageObject","inLanguage":"en-US","@id":"https:\/\/greaternw.org\/news\/when-does-our-silence-become-complicity\/#primaryimage","url":"https:\/\/i0.wp.com\/greaternw.org\/news\/wp-content\/uploads\/2025\/04\/Boston-Holocaust-Image.jpg?fit=1400%2C934&ssl=1","contentUrl":"https:\/\/i0.wp.com\/greaternw.org\/news\/wp-content\/uploads\/2025\/04\/Boston-Holocaust-Image.jpg?fit=1400%2C934&ssl=1","width":1400,"height":934,"caption":"eskystudio - stock.adobe.com"},{"@type":"BreadcrumbList","@id":"https:\/\/greaternw.org\/news\/when-does-our-silence-become-complicity\/#breadcrumb","itemListElement":[{"@type":"ListItem","position":1,"name":"Home","item":"https:\/\/greaternw.org\/news\/"},{"@type":"ListItem","position":2,"name":"When does our silence become complicity?"}]},{"@type":"WebSite","@id":"https:\/\/greaternw.org\/news\/#website","url":"https:\/\/greaternw.org\/news\/","name":"Greater Northwest Area | News","description":"Stories of Mission and Ministry","publisher":{"@id":"https:\/\/greaternw.org\/news\/#organization"},"potentialAction":[{"@type":"SearchAction","target":{"@type":"EntryPoint","urlTemplate":"https:\/\/greaternw.org\/news\/?s={search_term_string}"},"query-input":{"@type":"PropertyValueSpecification","valueRequired":true,"valueName":"search_term_string"}}],"inLanguage":"en-US"},{"@type":"Organization","@id":"https:\/\/greaternw.org\/news\/#organization","name":"Greater Northwest Area of The United Methodist Church","alternateName":"GNWUMC","url":"https:\/\/greaternw.org\/news\/","logo":{"@type":"ImageObject","inLanguage":"en-US","@id":"https:\/\/greaternw.org\/news\/#\/schema\/logo\/image\/","url":"https:\/\/i0.wp.com\/greaternw.org\/news\/wp-content\/uploads\/2019\/12\/cropped-GNW-NEWS.gif?fit=512%2C512&ssl=1","contentUrl":"https:\/\/i0.wp.com\/greaternw.org\/news\/wp-content\/uploads\/2019\/12\/cropped-GNW-NEWS.gif?fit=512%2C512&ssl=1","width":512,"height":512,"caption":"Greater Northwest Area of The United Methodist Church"},"image":{"@id":"https:\/\/greaternw.org\/news\/#\/schema\/logo\/image\/"},"sameAs":["https:\/\/facebook.com\/greaternw"]},{"@type":"Person","@id":"https:\/\/greaternw.org\/news\/#\/schema\/person\/9599498d86684a4abec2ed2cf6eafe66","name":"Patrick Scriven","image":{"@type":"ImageObject","inLanguage":"en-US","@id":"https:\/\/secure.gravatar.com\/avatar\/52b521f53b0534d5dc0091708188452c6af777c0b5cbead62ea0fd6b9f30fd69?s=96&d=mm&r=g","url":"https:\/\/secure.gravatar.com\/avatar\/52b521f53b0534d5dc0091708188452c6af777c0b5cbead62ea0fd6b9f30fd69?s=96&d=mm&r=g","contentUrl":"https:\/\/secure.gravatar.com\/avatar\/52b521f53b0534d5dc0091708188452c6af777c0b5cbead62ea0fd6b9f30fd69?s=96&d=mm&r=g","caption":"Patrick Scriven"},"description":"Patrick Scriven is a husband who married well, a father of three amazing girls, and a seminary-educated layperson working professionally in The United Methodist Church. Scriven serves the Pacific Northwest Conference as Director of Communications.","url":"https:\/\/greaternw.org\/news\/author\/patrick\/"}]}},"jetpack_featured_media_url":"https:\/\/i0.wp.com\/greaternw.org\/news\/wp-content\/uploads\/2025\/04\/Boston-Holocaust-Image.jpg?fit=1400%2C934&ssl=1","jetpack_sharing_enabled":true,"_links":{"self":[{"href":"https:\/\/greaternw.org\/news\/wp-json\/wp\/v2\/posts\/24096","targetHints":{"allow":["GET"]}}],"collection":[{"href":"https:\/\/greaternw.org\/news\/wp-json\/wp\/v2\/posts"}],"about":[{"href":"https:\/\/greaternw.org\/news\/wp-json\/wp\/v2\/types\/post"}],"author":[{"embeddable":true,"href":"https:\/\/greaternw.org\/news\/wp-json\/wp\/v2\/users\/1"}],"replies":[{"embeddable":true,"href":"https:\/\/greaternw.org\/news\/wp-json\/wp\/v2\/comments?post=24096"}],"version-history":[{"count":4,"href":"https:\/\/greaternw.org\/news\/wp-json\/wp\/v2\/posts\/24096\/revisions"}],"predecessor-version":[{"id":24101,"href":"https:\/\/greaternw.org\/news\/wp-json\/wp\/v2\/posts\/24096\/revisions\/24101"}],"wp:featuredmedia":[{"embeddable":true,"href":"https:\/\/greaternw.org\/news\/wp-json\/wp\/v2\/media\/24100"}],"wp:attachment":[{"href":"https:\/\/greaternw.org\/news\/wp-json\/wp\/v2\/media?parent=24096"}],"wp:term":[{"taxonomy":"category","embeddable":true,"href":"https:\/\/greaternw.org\/news\/wp-json\/wp\/v2\/categories?post=24096"},{"taxonomy":"post_tag","embeddable":true,"href":"https:\/\/greaternw.org\/news\/wp-json\/wp\/v2\/tags?post=24096"}],"curies":[{"name":"wp","href":"https:\/\/api.w.org\/{rel}","templated":true}]}}